{"id":2757,"date":"2025-10-02T18:21:56","date_gmt":"2025-10-02T18:21:56","guid":{"rendered":"https:\/\/www.katranciparkhotel.com\/?p=2757"},"modified":"2025-10-02T18:21:56","modified_gmt":"2025-10-02T18:21:56","slug":"kayakoy-hakkinda-detayli-rehber","status":"publish","type":"post","link":"https:\/\/www.katranciparkhotel.com\/en\/kayakoy-hakkinda-detayli-rehber\/","title":{"rendered":"Kayak\u00f6y Hakk\u0131nda Detayl\u0131 Rehber"},"content":{"rendered":"<p>Tarih ve do\u011fan\u0131n i\u00e7 i\u00e7e ge\u00e7ti\u011fi, gizemli bir atmosferiyle ziyaret\u00e7ilerini b\u00fcy\u00fcleyen Kayak\u00f6y, Mu\u011fla\u2019n\u0131n Fethiye il\u00e7esine ba\u011fl\u0131 e\u015fsiz bir k\u00f6yd\u00fcr. Ta\u015f evleri, sessiz sokaklar\u0131 ve terk edilmi\u015f yap\u0131lar\u0131yla adeta ya\u015fayan bir tarih m\u00fczesini and\u0131ran bu k\u00f6y, ge\u00e7mi\u015fin izlerini g\u00fcn\u00fcm\u00fcze ta\u015f\u0131r.<\/p>\n\n\n\n<h3 class=\"wp-block-heading\"><strong>Kayak\u00f6y\u2019\u00fcn Konumu ve Genel Tan\u0131t\u0131m\u0131<\/strong><\/h3>\n\n\n\n<p>Kayak\u00f6y, Fethiye\u2019nin g\u00fcneyinde, \u00d6l\u00fcdeniz\u2019in hemen arkas\u0131nda yer al\u0131r. Ormanlarla \u00e7evrili vadide konumlanan k\u00f6y, hem tarihi dokusu hem de do\u011fal g\u00fczellikleriyle turistlerin u\u011frak noktas\u0131d\u0131r.<\/p>\n\n\n\n<h3 class=\"wp-block-heading\"><strong>Kayak\u00f6y\u2019\u00fcn Tarihi<\/strong><\/h3>\n\n\n\n<h4 class=\"wp-block-heading\"><strong>Antik D\u00f6nemden Osmanl\u0131\u2019ya<\/strong><\/h4>\n\n\n\n<p>Kayak\u00f6y\u2019\u00fcn tarihi Likyal\u0131lara kadar uzan\u0131r. Antik d\u00f6nemlerde burada \u201cKarmylassos\u201d isimli bir yerle\u015fim bulunmaktayd\u0131. Osmanl\u0131 d\u00f6neminde ise \u00f6zellikle Rum n\u00fcfusun yo\u011fun olarak ya\u015fad\u0131\u011f\u0131 bir k\u00f6y haline gelmi\u015ftir.<\/p>\n\n\n\n<h4 class=\"wp-block-heading\"><strong>Rum Halk\u0131n\u0131n Ya\u015fam\u0131<\/strong><\/h4>\n\n\n\n<ol start=\"19\" class=\"wp-block-list\">\n<li>y\u00fczy\u0131lda Kayak\u00f6y\u2019de yakla\u015f\u0131k 25.000 Rum ya\u015fad\u0131\u011f\u0131 bilinir. Kendi kiliseleri, okullar\u0131, \u015fapelleri ve d\u00fckkanlar\u0131yla canl\u0131 bir ya\u015fam s\u00fcrm\u00fc\u015flerdir.<\/li>\n<\/ol>\n\n\n\n<h4 class=\"wp-block-heading\"><strong>M\u00fcbadele Sonras\u0131 D\u00f6nem<\/strong><\/h4>\n\n\n\n<p>1923 Lozan Antla\u015fmas\u0131 ile ger\u00e7ekle\u015fen n\u00fcfus m\u00fcbadelesi sonucunda, k\u00f6yde ya\u015fayan Rum halk\u0131 Yunanistan\u2019a g\u00f6\u00e7 etmi\u015f; yerine gelen T\u00fcrk halk\u0131 ise farkl\u0131 nedenlerden \u00f6t\u00fcr\u00fc k\u00f6ye yerle\u015fmemi\u015ftir. Bu durum k\u00f6y\u00fcn zamanla terk edilmesine yol a\u00e7m\u0131\u015ft\u0131r.<\/p>\n\n\n\n<h3 class=\"wp-block-heading\"><strong>Terk Edilmi\u015f K\u00f6y\u00fcn Gizemli Atmosferi<\/strong><\/h3>\n\n\n\n<p>Kayak\u00f6y bug\u00fcn y\u00fczlerce ta\u015f eviyle sessiz ve terk edilmi\u015f bir g\u00f6r\u00fcn\u00fcme sahiptir. Bu sessizlik ziyaret\u00e7ilerin \u00fczerinde derin bir etki b\u0131rak\u0131r; adeta ge\u00e7mi\u015fin f\u0131s\u0131lt\u0131lar\u0131 sokaklarda yank\u0131lan\u0131r.<\/p>\n\n\n\n<h3 class=\"wp-block-heading\"><strong>Kayak\u00f6y Evlerinin Mimari \u00d6zellikleri<\/strong><\/h3>\n\n\n\n<h4 class=\"wp-block-heading\"><strong>Ta\u015f Evler<\/strong><\/h4>\n\n\n\n<p>K\u00f6ydeki evlerin tamam\u0131 ta\u015f malzemeden in\u015fa edilmi\u015ftir. Genellikle iki katl\u0131d\u0131r ve dar pencereleriyle dikkat \u00e7eker.<\/p>\n\n\n\n<h4 class=\"wp-block-heading\"><strong>\u015eapeller ve Kiliseler<\/strong><\/h4>\n\n\n\n<p>K\u00f6yde b\u00fcy\u00fck ve k\u00fc\u00e7\u00fck kiliseler bulunur. En bilinenleri Taksiyarhis ve Katolik Kilisesi\u2019dir.<\/p>\n\n\n\n<h4 class=\"wp-block-heading\"><strong>\u00c7e\u015fmeler ve Sokaklar<\/strong><\/h4>\n\n\n\n<p>Dar sokaklarda dola\u015f\u0131rken ta\u015f \u00e7e\u015fmelere rastlamak m\u00fcmk\u00fcnd\u00fcr. Bunlar k\u00f6y\u00fcn g\u00fcndelik hayat\u0131na dair ipu\u00e7lar\u0131 sunar.<\/p>\n\n\n\n<h3 class=\"wp-block-heading\"><strong>Kayak\u00f6y\u2019\u00fcn G\u00fcn\u00fcm\u00fczdeki \u00d6nemi<\/strong><\/h3>\n\n\n\n<p>UNESCO taraf\u0131ndan \u201cBar\u0131\u015f ve Dostluk K\u00f6y\u00fc\u201d ilan edilen Kayak\u00f6y, hem tarihi hem de k\u00fclt\u00fcrel de\u011feriyle T\u00fcrkiye\u2019nin \u00f6nemli miras alanlar\u0131ndan biridir.<\/p>\n\n\n\n<h3 class=\"wp-block-heading\"><strong>Turizm A\u00e7\u0131s\u0131ndan Kayak\u00f6y<\/strong><\/h3>\n\n\n\n<h4 class=\"wp-block-heading\"><strong>Yerli ve Yabanc\u0131 Turistlerin \u0130lgi Noktas\u0131<\/strong><\/h4>\n\n\n\n<p>Her y\u0131l binlerce turist k\u00f6y\u00fc ziyaret eder. \u00d6zellikle yabanc\u0131 turistler i\u00e7in buras\u0131 b\u00fcy\u00fcleyici bir destinasyondur.<\/p>\n\n\n\n<h4 class=\"wp-block-heading\"><strong>Foto\u011fraf\u00e7\u0131lar \u0130\u00e7in Cennet<\/strong><\/h4>\n\n\n\n<p>G\u00fcne\u015fin bat\u0131\u015f\u0131 s\u0131ras\u0131nda ta\u015f evlerin g\u00f6lgeleri foto\u011fraf merakl\u0131lar\u0131 i\u00e7in muhte\u015fem kareler sunar.<\/p>\n\n\n\n<h4 class=\"wp-block-heading\"><strong>Do\u011fa Y\u00fcr\u00fcy\u00fc\u015f\u00fc ve Trekking \u0130mkanlar\u0131<\/strong><\/h4>\n\n\n\n<p>Kayak\u00f6y\u2019den \u00d6l\u00fcdeniz\u2019e uzanan Likya Yolu rotas\u0131 do\u011fa y\u00fcr\u00fcy\u00fc\u015f\u00fc sevenler i\u00e7in e\u015fsiz bir deneyim sunar.<\/p>\n\n\n\n<h3 class=\"wp-block-heading\"><strong>Kayak\u00f6y\u2019de Gezilecek Yerler<\/strong><\/h3>\n\n\n\n<h4 class=\"wp-block-heading\"><strong>Taksiyarhis Kilisesi<\/strong><\/h4>\n\n\n\n<p>K\u00f6y\u00fcn en b\u00fcy\u00fck ve en ihti\u015faml\u0131 kilisesidir. Freskleri ve ta\u015f i\u015f\u00e7ili\u011fiyle dikkat \u00e7eker.<\/p>\n\n\n\n<h4 class=\"wp-block-heading\"><strong>Katolik Kilisesi<\/strong><\/h4>\n\n\n\n<p>Daha k\u00fc\u00e7\u00fck olsa da mimari g\u00fczelli\u011fiyle turistlerin ilgisini \u00e7eker.<\/p>\n\n\n\n<h4 class=\"wp-block-heading\"><strong>K\u00fc\u00e7\u00fck Kiliseler ve \u015eapeller<\/strong><\/h4>\n\n\n\n<p>Kayak\u00f6y \u00e7evresinde \u00e7ok say\u0131da k\u00fc\u00e7\u00fck \u015fapel bulunmaktad\u0131r.<\/p>\n\n\n\n<h4 class=\"wp-block-heading\"><strong>Kaya Mezarlar\u0131<\/strong><\/h4>\n\n\n\n<p>Likya d\u00f6neminden kalma kaya mezarlar\u0131 da k\u00f6y\u00fcn tarihine \u0131\u015f\u0131k tutar.<\/p>\n\n\n\n<h3 class=\"wp-block-heading\"><strong>Kayak\u00f6y\u2019de Yap\u0131lacak Aktiviteler<\/strong><\/h3>\n\n\n\n<h4 class=\"wp-block-heading\"><strong>K\u00fclt\u00fcrel Geziler<\/strong><\/h4>\n\n\n\n<p>Rehber e\u015fli\u011finde yap\u0131lan turlar, k\u00f6y\u00fcn tarihini detayl\u0131ca \u00f6\u011frenmenizi sa\u011flar.<\/p>\n\n\n\n<h4 class=\"wp-block-heading\"><strong>Sanatsal Etkinlikler<\/strong><\/h4>\n\n\n\n<p>K\u00f6yde zaman zaman sanat festivalleri, resim sergileri ve konserler d\u00fczenlenmektedir.<\/p>\n\n\n\n<h4 class=\"wp-block-heading\"><strong>Kamp ve Piknik \u0130mkanlar\u0131<\/strong><\/h4>\n\n\n\n<p>Do\u011fa ile i\u00e7 i\u00e7e vakit ge\u00e7irmek isteyenler i\u00e7in Kayak\u00f6y \u00e7evresi ideal bir noktad\u0131r.<\/p>\n\n\n\n<h3 class=\"wp-block-heading\"><strong>Kayak\u00f6y Mutfa\u011f\u0131 ve Y\u00f6resel Lezzetler<\/strong><\/h3>\n\n\n\n<p>\u00c7evredeki restoranlarda Ege ve Akdeniz mutfa\u011f\u0131na \u00f6zg\u00fc lezzetler bulabilirsiniz. Zeytinya\u011fl\u0131 yemekler, g\u00f6zleme ve taze otlarla haz\u0131rlanan mezeler mutlaka denenmeli.<\/p>\n\n\n\n<h3 class=\"wp-block-heading\"><strong>Kayak\u00f6y\u2019\u00fcn \u00c7evresinde G\u00f6r\u00fclecek Yerler<\/strong><\/h3>\n\n\n\n<h4 class=\"wp-block-heading\"><strong>\u00d6l\u00fcdeniz<\/strong><\/h4>\n\n\n\n<p>D\u00fcnyaca \u00fcnl\u00fc turkuaz renkli deniziyle \u00d6l\u00fcdeniz, Kayak\u00f6y\u2019den sadece birka\u00e7 kilometre uzakl\u0131ktad\u0131r.<\/p>\n\n\n\n<h4 class=\"wp-block-heading\"><strong>Gemiler Adas\u0131<\/strong><\/h4>\n\n\n\n<p>Tekne turlar\u0131yla ula\u015f\u0131labilen ada, Bizans d\u00f6neminden kalma kal\u0131nt\u0131lar\u0131yla ilgi \u00e7eker.<\/p>\n\n\n\n<h4 class=\"wp-block-heading\"><strong>Fethiye \u015eehir Merkezi<\/strong><\/h4>\n\n\n\n<p>Al\u0131\u015fveri\u015f, e\u011flence ve restoran se\u00e7enekleriyle ziyaret\u00e7ilerin u\u011frak noktas\u0131d\u0131r.<\/p>\n\n\n\n<h3 class=\"wp-block-heading\"><strong>Kayak\u00f6y\u2019\u00fcn Do\u011fal G\u00fczellikleri<\/strong><\/h3>\n\n\n\n<p>Zeytin a\u011fa\u00e7lar\u0131, \u00e7am ormanlar\u0131 ve da\u011f manzaralar\u0131 k\u00f6y\u00fcn do\u011fal cazibesini art\u0131r\u0131r.<\/p>\n\n\n\n<h3 class=\"wp-block-heading\"><strong>Kayak\u00f6y Festivalleri ve Etkinlikleri<\/strong><\/h3>\n\n\n\n<p>Yaz aylar\u0131nda d\u00fczenlenen m\u00fczik festivalleri ve k\u00fclt\u00fcrel etkinlikler k\u00f6ye ayr\u0131 bir canl\u0131l\u0131k katar.<\/p>\n\n\n\n<h3 class=\"wp-block-heading\"><strong>Kayak\u00f6y\u2019e Nas\u0131l Gidilir?<\/strong><\/h3>\n\n\n\n<p>Fethiye merkezden yakla\u015f\u0131k 8 km uzakl\u0131kta bulunan Kayak\u00f6y\u2019e \u00f6zel ara\u00e7, taksi ya da minib\u00fcslerle kolayca ula\u015fabilirsiniz.<\/p>\n\n\n\n<h3 class=\"wp-block-heading\"><strong>Sonu\u00e7<\/strong><\/h3>\n\n\n\n<p>Kayak\u00f6y, sadece terk edilmi\u015f ta\u015f evlerden ibaret de\u011fildir; buras\u0131 tarih, k\u00fclt\u00fcr ve do\u011fan\u0131n birle\u015fti\u011fi e\u015fsiz bir hazine. Sessiz sokaklar\u0131nda gezerken ge\u00e7mi\u015fle ba\u011f kurar, do\u011fas\u0131yla huzur bulursunuz. T\u00fcrkiye\u2019nin g\u00f6r\u00fclmesi gereken en \u00f6zel k\u00f6ylerinden biri oldu\u011funu rahatl\u0131kla s\u00f6yleyebiliriz.<\/p>\n\n\n\n<hr class=\"wp-block-separator has-alpha-channel-opacity\"\/>\n\n\n\n<h2 class=\"wp-block-heading\"><strong>S\u0131k\u00e7a Sorulan Sorular (SSS)<\/strong><\/h2>\n\n\n\n<p><strong>1. Kayak\u00f6y neden terk edildi?<\/strong><br>1923\u2019teki n\u00fcfus m\u00fcbadelesi nedeniyle k\u00f6ydeki Rumlar Yunanistan\u2019a g\u00f6\u00e7 etti, k\u00f6y zamanla bo\u015f kald\u0131.<\/p>\n\n\n\n<p><strong>2. Kayak\u00f6y\u2019de giri\u015f \u00fccreti var m\u0131?<\/strong><br>Evet, m\u00fcze stat\u00fcs\u00fcnde oldu\u011fu i\u00e7in belirli bir giri\u015f \u00fccreti al\u0131nmaktad\u0131r.<\/p>\n\n\n\n<p><strong>3. Kayak\u00f6y\u2019de konaklama yap\u0131labilir mi?<\/strong><br>Evet, \u00e7evrede butik oteller, pansiyonlar ve kamp alanlar\u0131 mevcuttur.<\/p>\n\n\n\n<p><strong>4. Kayak\u00f6y\u2019e hangi mevsimde gidilmeli?<\/strong><br>\u0130lkbahar ve sonbahar aylar\u0131 hem hava ko\u015fullar\u0131 hem de kalabal\u0131k a\u00e7\u0131s\u0131ndan en uygun d\u00f6nemdir.<\/p>\n\n\n\n<p><strong>5. Kayak\u00f6y\u2019de ne kadar s\u00fcre gezilir?<\/strong><br>Ortalama 2-3 saatlik bir gezi k\u00f6y\u00fcn b\u00fcy\u00fck k\u0131sm\u0131n\u0131 g\u00f6rmek i\u00e7in yeterlidir.<\/p>","protected":false},"excerpt":{"rendered":"<p>Tarih ve do\u011fan\u0131n i\u00e7 i\u00e7e ge\u00e7ti\u011fi, gizemli bir atmosferiyle ziyaret\u00e7ilerini b\u00fcy\u00fcleyen Kayak\u00f6y, Mu\u011fla\u2019n\u0131n Fethiye il\u00e7esine ba\u011fl\u0131 e\u015fsiz bir k\u00f6yd\u00fcr. Ta\u015f evleri, sessiz sokaklar\u0131 ve terk edilmi\u015f yap\u0131lar\u0131yla adeta ya\u015fayan bir tarih m\u00fczesini and\u0131ran bu k\u00f6y, ge\u00e7mi\u015fin izlerini g\u00fcn\u00fcm\u00fcze ta\u015f\u0131r. Kayak\u00f6y\u2019\u00fcn Konumu ve Genel Tan\u0131t\u0131m\u0131 Kayak\u00f6y, Fethiye\u2019nin g\u00fcneyinde, \u00d6l\u00fcdeniz\u2019in hemen arkas\u0131nda yer al\u0131r. Ormanlarla \u00e7evrili vadide [&hellip;]<\/p>","protected":false},"author":1,"featured_media":2758,"comment_status":"open","ping_status":"open","sticky":false,"template":"","format":"standard","meta":{"site-sidebar-layout":"default","site-content-layout":"","ast-site-content-layout":"default","site-content-style":"default","site-sidebar-style":"default","ast-global-header-display":"","ast-banner-title-visibility":"","ast-main-header-display":"","ast-hfb-above-header-display":"","ast-hfb-below-header-display":"","ast-hfb-mobile-header-display":"","site-post-title":"","ast-breadcrumbs-content":"","ast-featured-img":"","footer-sml-layout":"","theme-transparent-header-meta":"","adv-header-id-meta":"","stick-header-meta":"","header-above-stick-meta":"","header-main-stick-meta":"","header-below-stick-meta":"","astra-migrate-meta-layouts":"set","ast-page-background-enabled":"default","ast-page-background-meta":{"desktop":{"background-color":"","background-image":"","background-repeat":"repeat","background-position":"center center","background-size":"auto","background-attachment":"scroll","background-type":"","background-media":"","overlay-type":"","overlay-color":"","overlay-opacity":"","overlay-gradient":""},"tablet":{"background-color":"","background-image":"","background-repeat":"repeat","background-position":"center center","background-size":"auto","background-attachment":"scroll","background-type":"","background-media":"","overlay-type":"","overlay-color":"","overlay-opacity":"","overlay-gradient":""},"mobile":{"background-color":"","background-image":"","background-repeat":"repeat","background-position":"center center","background-size":"auto","background-attachment":"scroll","background-type":"","background-media":"","overlay-type":"","overlay-color":"","overlay-opacity":"","overlay-gradient":""}},"ast-content-background-meta":{"desktop":{"background-color":"var(--ast-global-color-5)","background-image":"","background-repeat":"repeat","background-position":"center center","background-size":"auto","background-attachment":"scroll","background-type":"","background-media":"","overlay-type":"","overlay-color":"","overlay-opacity":"","overlay-gradient":""},"tablet":{"background-color":"var(--ast-global-color-5)","background-image":"","background-repeat":"repeat","background-position":"center center","background-size":"auto","background-attachment":"scroll","background-type":"","background-media":"","overlay-type":"","overlay-color":"","overlay-opacity":"","overlay-gradient":""},"mobile":{"background-color":"var(--ast-global-color-5)","background-image":"","background-repeat":"repeat","background-position":"center center","background-size":"auto","background-attachment":"scroll","background-type":"","background-media":"","overlay-type":"","overlay-color":"","overlay-opacity":"","overlay-gradient":""}},"footnotes":""},"categories":[1],"tags":[],"class_list":["post-2757","post","type-post","status-publish","format-standard","has-post-thumbnail","hentry","category-gezilecek-yerler"],"_links":{"self":[{"href":"https:\/\/www.katranciparkhotel.com\/en\/wp-json\/wp\/v2\/posts\/2757","targetHints":{"allow":["GET"]}}],"collection":[{"href":"https:\/\/www.katranciparkhotel.com\/en\/wp-json\/wp\/v2\/posts"}],"about":[{"href":"https:\/\/www.katranciparkhotel.com\/en\/wp-json\/wp\/v2\/types\/post"}],"author":[{"embeddable":true,"href":"https:\/\/www.katranciparkhotel.com\/en\/wp-json\/wp\/v2\/users\/1"}],"replies":[{"embeddable":true,"href":"https:\/\/www.katranciparkhotel.com\/en\/wp-json\/wp\/v2\/comments?post=2757"}],"version-history":[{"count":1,"href":"https:\/\/www.katranciparkhotel.com\/en\/wp-json\/wp\/v2\/posts\/2757\/revisions"}],"predecessor-version":[{"id":2759,"href":"https:\/\/www.katranciparkhotel.com\/en\/wp-json\/wp\/v2\/posts\/2757\/revisions\/2759"}],"wp:featuredmedia":[{"embeddable":true,"href":"https:\/\/www.katranciparkhotel.com\/en\/wp-json\/wp\/v2\/media\/2758"}],"wp:attachment":[{"href":"https:\/\/www.katranciparkhotel.com\/en\/wp-json\/wp\/v2\/media?parent=2757"}],"wp:term":[{"taxonomy":"category","embeddable":true,"href":"https:\/\/www.katranciparkhotel.com\/en\/wp-json\/wp\/v2\/categories?post=2757"},{"taxonomy":"post_tag","embeddable":true,"href":"https:\/\/www.katranciparkhotel.com\/en\/wp-json\/wp\/v2\/tags?post=2757"}],"curies":[{"name":"wp","href":"https:\/\/api.w.org\/{rel}","templated":true}]}}