{"id":2744,"date":"2025-10-02T18:01:32","date_gmt":"2025-10-02T18:01:32","guid":{"rendered":"https:\/\/www.katranciparkhotel.com\/?p=2744"},"modified":"2025-10-02T18:01:32","modified_gmt":"2025-10-02T18:01:32","slug":"oludeniz-kelebekler-vadisi-hakkinda-detayli-rehber","status":"publish","type":"post","link":"https:\/\/www.katranciparkhotel.com\/ru\/oludeniz-kelebekler-vadisi-hakkinda-detayli-rehber\/","title":{"rendered":"\u00d6l\u00fcdeniz &amp; Kelebekler Vadisi Hakk\u0131nda Detayl\u0131 Rehber"},"content":{"rendered":"<p>T\u00fcrkiye\u2019nin g\u00fcneybat\u0131s\u0131nda, Mu\u011fla\u2019n\u0131n Fethiye il\u00e7esinde yer alan <strong>\u00d6l\u00fcdeniz ve Kelebekler Vadisi<\/strong>, adeta do\u011fan\u0131n insanlara sundu\u011fu birer m\u00fccevher gibidir. Berrak denizi, e\u015fsiz manzaralar\u0131, turkuaz tonlar\u0131ndaki sular\u0131 ve do\u011fal ya\u015fam\u0131 ile hem yerli hem de yabanc\u0131 turistlerin g\u00f6zdesidir. Bu yaz\u0131da \u00d6l\u00fcdeniz\u2019in mavi bayrakl\u0131 plaj\u0131ndan, Kelebekler Vadisi\u2019nin mistik atmosferine kadar detayl\u0131 bir yolculu\u011fa \u00e7\u0131kaca\u011f\u0131z.<\/p>\n\n\n\n<hr class=\"wp-block-separator has-alpha-channel-opacity\"\/>\n\n\n\n<h3 class=\"wp-block-heading\"><strong>\u00d6l\u00fcdeniz\u2019in Konumu ve Genel \u00d6zellikleri<\/strong><\/h3>\n\n\n\n<h4 class=\"wp-block-heading\"><strong>\u00d6l\u00fcdeniz Nerede?<\/strong><\/h4>\n\n\n\n<p>\u00d6l\u00fcdeniz, Mu\u011fla\u2019n\u0131n Fethiye il\u00e7esine ba\u011fl\u0131, Babada\u011f\u2019\u0131n eteklerinde yer alan bir sahil beldesidir. D\u00fcnyan\u0131n say\u0131l\u0131 g\u00fczelliklerinden biri olarak bilinir.<\/p>\n\n\n\n<h4 class=\"wp-block-heading\"><strong>Neden \u201c\u00d6l\u00fcdeniz\u201d Ad\u0131n\u0131 Alm\u0131\u015ft\u0131r?<\/strong><\/h4>\n\n\n\n<p>Deniz genellikle dalgas\u0131zd\u0131r, en sert r\u00fczgarlarda bile su y\u00fczeyi dinginli\u011fini korur. Bu sebeple \u201c\u00d6l\u00fcdeniz\u201d ad\u0131n\u0131 alm\u0131\u015ft\u0131r.<\/p>\n\n\n\n<hr class=\"wp-block-separator has-alpha-channel-opacity\"\/>\n\n\n\n<h3 class=\"wp-block-heading\"><strong>\u00d6l\u00fcdeniz\u2019in Do\u011fal G\u00fczellikleri<\/strong><\/h3>\n\n\n\n<h4 class=\"wp-block-heading\"><strong>Mavi Bayrakl\u0131 Plaj<\/strong><\/h4>\n\n\n\n<p>Temizli\u011fi ve g\u00fcvenli\u011fiyle uluslararas\u0131 standartlarda \u00f6d\u00fcllere sahip olan plaj\u0131, \u00f6zellikle yaz aylar\u0131nda b\u00fcy\u00fck ilgi g\u00f6r\u00fcr.<\/p>\n\n\n\n<h4 class=\"wp-block-heading\"><strong>Lag\u00fcn ve \u00c7evresi<\/strong><\/h4>\n\n\n\n<p>K\u0131y\u0131ya ba\u011fl\u0131 lag\u00fcn, turkuaz renkleriyle kartpostallar\u0131 and\u0131r\u0131r. Burada denize girmek adeta bir akvaryumda y\u00fczmek gibidir.<\/p>\n\n\n\n<h4 class=\"wp-block-heading\"><strong>Berrak Deniz ve Su Sporlar\u0131<\/strong><\/h4>\n\n\n\n<p>Sualt\u0131 zenginlikleri dal\u0131\u015f yapanlar i\u00e7in b\u00fcy\u00fcleyici deneyimler sunar.<\/p>\n\n\n\n<hr class=\"wp-block-separator has-alpha-channel-opacity\"\/>\n\n\n\n<h3 class=\"wp-block-heading\"><strong>\u00d6l\u00fcdeniz\u2019de Yap\u0131lacak Aktiviteler<\/strong><\/h3>\n\n\n\n<h4 class=\"wp-block-heading\"><strong>Yama\u00e7 Para\u015f\u00fct\u00fc<\/strong><\/h4>\n\n\n\n<p>Babada\u011f\u2019dan yap\u0131lan yama\u00e7 para\u015f\u00fct\u00fc, d\u00fcnyaca \u00fcnl\u00fcd\u00fcr. 2000 metre y\u00fckseklikten s\u00fcz\u00fclen para\u015f\u00fctlerle manzara bamba\u015fkad\u0131r.<\/p>\n\n\n\n<h4 class=\"wp-block-heading\"><strong>Tekne Turlar\u0131<\/strong><\/h4>\n\n\n\n<p>Koylar\u0131 ke\u015ffetmek i\u00e7in g\u00fcn\u00fcbirlik tekne turlar\u0131 idealdir. Mavi yolculu\u011fun tad\u0131 burada bir ba\u015fkad\u0131r.<\/p>\n\n\n\n<h4 class=\"wp-block-heading\"><strong>Dal\u0131\u015f ve Su Sporlar\u0131<\/strong><\/h4>\n\n\n\n<p>Scuba diving, kano ve deniz bisikleti gibi bir\u00e7ok se\u00e7enek mevcuttur.<\/p>\n\n\n\n<h4 class=\"wp-block-heading\"><strong>Do\u011fa Y\u00fcr\u00fcy\u00fc\u015fleri<\/strong><\/h4>\n\n\n\n<p>Likya Yolu \u00fczerinde konumlanmas\u0131 sebebiyle do\u011fa y\u00fcr\u00fcy\u00fc\u015f\u00e7\u00fcleri i\u00e7in m\u00fckemmel rotalara sahiptir.<\/p>\n\n\n\n<hr class=\"wp-block-separator has-alpha-channel-opacity\"\/>\n\n\n\n<h3 class=\"wp-block-heading\"><strong>\u00d6l\u00fcdeniz\u2019in Turizmdeki \u00d6nemi<\/strong><\/h3>\n\n\n\n<p>T\u00fcrkiye\u2019nin tan\u0131t\u0131m afi\u015flerinde s\u0131k\u00e7a g\u00f6r\u00fclen bu b\u00f6lge, \u00fclkenin do\u011fal g\u00fczelliklerinin sembollerinden biridir. \u00d6zellikle yabanc\u0131 turistler i\u00e7in vazge\u00e7ilmez bir destinasyondur.<\/p>\n\n\n\n<hr class=\"wp-block-separator has-alpha-channel-opacity\"\/>\n\n\n\n<h3 class=\"wp-block-heading\"><strong>Kelebekler Vadisi\u2019nin Konumu ve \u00d6zellikleri<\/strong><\/h3>\n\n\n\n<h4 class=\"wp-block-heading\"><strong>Neden Kelebekler Vadisi?<\/strong><\/h4>\n\n\n\n<p>Ad\u0131n\u0131, burada ya\u015fayan y\u00fczlerce kelebek t\u00fcr\u00fcnden al\u0131r. \u00d6zellikle kaplan kelebe\u011fi, vadinin simgesidir.<\/p>\n\n\n\n<h4 class=\"wp-block-heading\"><strong>Jeolojik Yap\u0131s\u0131 ve E\u015fsiz Konumu<\/strong><\/h4>\n\n\n\n<p>350 metre y\u00fcksekli\u011findeki sarp kayal\u0131klar\u0131n aras\u0131nda kalan vadi, yaln\u0131zca deniz yoluyla ula\u015f\u0131labilen e\u015fsiz bir do\u011fa harikas\u0131d\u0131r.<\/p>\n\n\n\n<hr class=\"wp-block-separator has-alpha-channel-opacity\"\/>\n\n\n\n<h3 class=\"wp-block-heading\"><strong>Kelebekler Vadisi\u2019nin Do\u011fal Zenginlikleri<\/strong><\/h3>\n\n\n\n<h4 class=\"wp-block-heading\"><strong>Endemik Bitkiler<\/strong><\/h4>\n\n\n\n<p>Bir\u00e7ok bitki t\u00fcr\u00fc yaln\u0131zca burada yeti\u015fir.<\/p>\n\n\n\n<h4 class=\"wp-block-heading\"><strong>Kelebek T\u00fcrleri<\/strong><\/h4>\n\n\n\n<p>80\u2019den fazla kelebek t\u00fcr\u00fc kaydedilmi\u015ftir.<\/p>\n\n\n\n<h4 class=\"wp-block-heading\"><strong>\u015eelaleler ve Do\u011fa Harikalar\u0131<\/strong><\/h4>\n\n\n\n<p>Vadi boyunca akan \u015felaleler do\u011fa y\u00fcr\u00fcy\u00fc\u015flerine ayr\u0131 bir g\u00fczellik katar.<\/p>\n\n\n\n<hr class=\"wp-block-separator has-alpha-channel-opacity\"\/>\n\n\n\n<h3 class=\"wp-block-heading\"><strong>Kelebekler Vadisi\u2019nde Yap\u0131lacak Aktiviteler<\/strong><\/h3>\n\n\n\n<h4 class=\"wp-block-heading\"><strong>Kamp ve Bungalov Konaklama<\/strong><\/h4>\n\n\n\n<p>Vadide l\u00fcks oteller yoktur. \u00c7ad\u0131rlar ve bungalovlar ile do\u011fayla i\u00e7 i\u00e7e kalabilirsiniz.<\/p>\n\n\n\n<h4 class=\"wp-block-heading\"><strong>Trekking ve Do\u011fa Ke\u015fifleri<\/strong><\/h4>\n\n\n\n<p>Vadinin i\u00e7inden ge\u00e7en patikalar, macera severler i\u00e7in bi\u00e7ilmi\u015f kaftand\u0131r.<\/p>\n\n\n\n<h4 class=\"wp-block-heading\"><strong>Tekne ile Ula\u015f\u0131m ve Geziler<\/strong><\/h4>\n\n\n\n<p>Fethiye\u2019den kalkan teknelerle kolayca ula\u015f\u0131m sa\u011flanabilir.<\/p>\n\n\n\n<hr class=\"wp-block-separator has-alpha-channel-opacity\"\/>\n\n\n\n<h3 class=\"wp-block-heading\"><strong>\u00d6l\u00fcdeniz\u2019den Kelebekler Vadisi\u2019ne Ula\u015f\u0131m<\/strong><\/h3>\n\n\n\n<p>\u00d6l\u00fcdeniz sahilinden d\u00fczenlenen tekne turlar\u0131 ile Kelebekler Vadisi\u2019ne k\u0131sa s\u00fcrede ula\u015fabilirsiniz.<\/p>\n\n\n\n<hr class=\"wp-block-separator has-alpha-channel-opacity\"\/>\n\n\n\n<h3 class=\"wp-block-heading\"><strong>Foto\u011fraf\u00e7\u0131lar \u0130\u00e7in Cennet Noktalar<\/strong><\/h3>\n\n\n\n<p>G\u00fcn bat\u0131m\u0131nda \u00d6l\u00fcdeniz\u2019in turkuaz tonlar\u0131 ve vadideki mistik \u0131\u015f\u0131k oyunlar\u0131, foto\u011fraf\u00e7\u0131lar i\u00e7in e\u015fsiz kareler sunar.<\/p>\n\n\n\n<hr class=\"wp-block-separator has-alpha-channel-opacity\"\/>\n\n\n\n<h3 class=\"wp-block-heading\"><strong>\u00d6l\u00fcdeniz &amp; Kelebekler Vadisi\u2019nde Konaklama Se\u00e7enekleri<\/strong><\/h3>\n\n\n\n<ul class=\"wp-block-list\">\n<li><strong>L\u00fcks Oteller:<\/strong> \u00d6l\u00fcdeniz \u00e7evresinde bolca se\u00e7enek mevcut.<\/li>\n\n\n\n<li><strong>Butik Oteller:<\/strong> Sakinli\u011fi sevenler i\u00e7in birebir.<\/li>\n\n\n\n<li><strong>Kamp Alanlar\u0131:<\/strong> Kelebekler Vadisi\u2019nde do\u011fayla i\u00e7 i\u00e7e unutulmaz bir deneyim.<\/li>\n<\/ul>\n\n\n\n<hr class=\"wp-block-separator has-alpha-channel-opacity\"\/>\n\n\n\n<h3 class=\"wp-block-heading\"><strong>Yeme \u0130\u00e7me Deneyimi<\/strong><\/h3>\n\n\n\n<p>\u00d6l\u00fcdeniz sahilinde deniz \u00fcr\u00fcnleri restoranlar\u0131 olduk\u00e7a me\u015fhurdur. Ayr\u0131ca Fethiye\u2019nin y\u00f6resel tatlar\u0131 da ke\u015ffedilmeye de\u011ferdir.<\/p>\n\n\n\n<hr class=\"wp-block-separator has-alpha-channel-opacity\"\/>\n\n\n\n<h3 class=\"wp-block-heading\"><strong>\u00d6l\u00fcdeniz &amp; Kelebekler Vadisi\u2019nde En \u0130yi Ziyaret Zaman\u0131<\/strong><\/h3>\n\n\n\n<p>May\u0131s ile Ekim aylar\u0131 aras\u0131 idealdir. Bahar aylar\u0131nda do\u011fa daha canl\u0131, yaz aylar\u0131nda ise deniz keyfi zirvededir.<\/p>\n\n\n\n<hr class=\"wp-block-separator has-alpha-channel-opacity\"\/>\n\n\n\n<h3 class=\"wp-block-heading\"><strong>\u00d6neriler ve \u0130pu\u00e7lar\u0131<\/strong><\/h3>\n\n\n\n<ul class=\"wp-block-list\">\n<li>Rahat ayakkab\u0131 ve \u015fapka getirin.<\/li>\n\n\n\n<li>G\u00fcne\u015f kremi ve foto\u011fraf makinesi mutlaka yan\u0131n\u0131zda olsun.<\/li>\n\n\n\n<li>Do\u011fay\u0131 koruyun, \u00e7\u00f6plerinizi geride b\u0131rakmay\u0131n.<\/li>\n<\/ul>\n\n\n\n<hr class=\"wp-block-separator has-alpha-channel-opacity\"\/>\n\n\n\n<h3 class=\"wp-block-heading\"><strong>Sonu\u00e7: \u00d6l\u00fcdeniz &amp; Kelebekler Vadisi\u2019nin E\u015fsiz Ruhunu Ke\u015ffetmek<\/strong><\/h3>\n\n\n\n<p>\u00d6l\u00fcdeniz ve Kelebekler Vadisi, do\u011fan\u0131n sundu\u011fu en g\u00fczel arma\u011fanlardan ikisi. Buras\u0131 yaln\u0131zca bir tatil noktas\u0131 de\u011fil, ayn\u0131 zamanda ruhu dinlendiren bir do\u011fa tap\u0131na\u011f\u0131d\u0131r. E\u011fer hayat\u0131n\u0131zda bir kere de olsa g\u00f6rmeniz gereken yerleri listeliyorsan\u0131z, \u00d6l\u00fcdeniz ve Kelebekler Vadisi mutlaka en \u00fcst s\u0131ralarda olmal\u0131.<\/p>\n\n\n\n<hr class=\"wp-block-separator has-alpha-channel-opacity\"\/>\n\n\n\n<h2 class=\"wp-block-heading\"><strong>SSS (S\u0131k\u00e7a Sorulan Sorular)<\/strong><\/h2>\n\n\n\n<p><strong>1. \u00d6l\u00fcdeniz\u2019de deniz neden hep dalgas\u0131zd\u0131r?<\/strong><br>Lag\u00fcn yap\u0131s\u0131 sayesinde deniz daima sakin kal\u0131r.<\/p>\n\n\n\n<p><strong>2. Kelebekler Vadisi\u2019ne araba ile gidilebilir mi?<\/strong><br>Hay\u0131r, yaln\u0131zca tekne ile ula\u015f\u0131m m\u00fcmk\u00fcnd\u00fcr.<\/p>\n\n\n\n<p><strong>3. Kelebekler Vadisi\u2019nde otel var m\u0131?<\/strong><br>Hay\u0131r, yaln\u0131zca kamp ve bungalov konaklama se\u00e7enekleri mevcuttur.<\/p>\n\n\n\n<p><strong>4. Yama\u00e7 para\u015f\u00fct\u00fc i\u00e7in en uygun d\u00f6nem hangisidir?<\/strong><br>Genellikle Nisan-Ekim aylar\u0131 aras\u0131 idealdir.<\/p>\n\n\n\n<p><strong>5. \u00d6l\u00fcdeniz\u2019de \u00e7ocuklu aileler i\u00e7in uygun imkanlar var m\u0131?<\/strong><br>Evet, g\u00fcvenli plajlar, \u00e7ocuk dostu oteller ve aktiviteler bulunmaktad\u0131r.<\/p>","protected":false},"excerpt":{"rendered":"<p>T\u00fcrkiye\u2019nin g\u00fcneybat\u0131s\u0131nda, Mu\u011fla\u2019n\u0131n Fethiye il\u00e7esinde yer alan \u00d6l\u00fcdeniz ve Kelebekler Vadisi, adeta do\u011fan\u0131n insanlara sundu\u011fu birer m\u00fccevher gibidir. Berrak denizi, e\u015fsiz manzaralar\u0131, turkuaz tonlar\u0131ndaki sular\u0131 ve do\u011fal ya\u015fam\u0131 ile hem yerli hem de yabanc\u0131 turistlerin g\u00f6zdesidir. Bu yaz\u0131da \u00d6l\u00fcdeniz\u2019in mavi bayrakl\u0131 plaj\u0131ndan, Kelebekler Vadisi\u2019nin mistik atmosferine kadar detayl\u0131 bir yolculu\u011fa \u00e7\u0131kaca\u011f\u0131z. \u00d6l\u00fcdeniz\u2019in Konumu ve Genel [&hellip;]<\/p>","protected":false},"author":1,"featured_media":2745,"comment_status":"open","ping_status":"open","sticky":false,"template":"","format":"standard","meta":{"site-sidebar-layout":"default","site-content-layout":"","ast-site-content-layout":"default","site-content-style":"default","site-sidebar-style":"default","ast-global-header-display":"","ast-banner-title-visibility":"","ast-main-header-display":"","ast-hfb-above-header-display":"","ast-hfb-below-header-display":"","ast-hfb-mobile-header-display":"","site-post-title":"","ast-breadcrumbs-content":"","ast-featured-img":"","footer-sml-layout":"","theme-transparent-header-meta":"","adv-header-id-meta":"","stick-header-meta":"","header-above-stick-meta":"","header-main-stick-meta":"","header-below-stick-meta":"","astra-migrate-meta-layouts":"set","ast-page-background-enabled":"default","ast-page-background-meta":{"desktop":{"background-color":"","background-image":"","background-repeat":"repeat","background-position":"center center","background-size":"auto","background-attachment":"scroll","background-type":"","background-media":"","overlay-type":"","overlay-color":"","overlay-opacity":"","overlay-gradient":""},"tablet":{"background-color":"","background-image":"","background-repeat":"repeat","background-position":"center center","background-size":"auto","background-attachment":"scroll","background-type":"","background-media":"","overlay-type":"","overlay-color":"","overlay-opacity":"","overlay-gradient":""},"mobile":{"background-color":"","background-image":"","background-repeat":"repeat","background-position":"center center","background-size":"auto","background-attachment":"scroll","background-type":"","background-media":"","overlay-type":"","overlay-color":"","overlay-opacity":"","overlay-gradient":""}},"ast-content-background-meta":{"desktop":{"background-color":"var(--ast-global-color-5)","background-image":"","background-repeat":"repeat","background-position":"center center","background-size":"auto","background-attachment":"scroll","background-type":"","background-media":"","overlay-type":"","overlay-color":"","overlay-opacity":"","overlay-gradient":""},"tablet":{"background-color":"var(--ast-global-color-5)","background-image":"","background-repeat":"repeat","background-position":"center center","background-size":"auto","background-attachment":"scroll","background-type":"","background-media":"","overlay-type":"","overlay-color":"","overlay-opacity":"","overlay-gradient":""},"mobile":{"background-color":"var(--ast-global-color-5)","background-image":"","background-repeat":"repeat","background-position":"center center","background-size":"auto","background-attachment":"scroll","background-type":"","background-media":"","overlay-type":"","overlay-color":"","overlay-opacity":"","overlay-gradient":""}},"footnotes":""},"categories":[1],"tags":[],"class_list":["post-2744","post","type-post","status-publish","format-standard","has-post-thumbnail","hentry","category-gezilecek-yerler"],"_links":{"self":[{"href":"https:\/\/www.katranciparkhotel.com\/ru\/wp-json\/wp\/v2\/posts\/2744","targetHints":{"allow":["GET"]}}],"collection":[{"href":"https:\/\/www.katranciparkhotel.com\/ru\/wp-json\/wp\/v2\/posts"}],"about":[{"href":"https:\/\/www.katranciparkhotel.com\/ru\/wp-json\/wp\/v2\/types\/post"}],"author":[{"embeddable":true,"href":"https:\/\/www.katranciparkhotel.com\/ru\/wp-json\/wp\/v2\/users\/1"}],"replies":[{"embeddable":true,"href":"https:\/\/www.katranciparkhotel.com\/ru\/wp-json\/wp\/v2\/comments?post=2744"}],"version-history":[{"count":1,"href":"https:\/\/www.katranciparkhotel.com\/ru\/wp-json\/wp\/v2\/posts\/2744\/revisions"}],"predecessor-version":[{"id":2746,"href":"https:\/\/www.katranciparkhotel.com\/ru\/wp-json\/wp\/v2\/posts\/2744\/revisions\/2746"}],"wp:featuredmedia":[{"embeddable":true,"href":"https:\/\/www.katranciparkhotel.com\/ru\/wp-json\/wp\/v2\/media\/2745"}],"wp:attachment":[{"href":"https:\/\/www.katranciparkhotel.com\/ru\/wp-json\/wp\/v2\/media?parent=2744"}],"wp:term":[{"taxonomy":"category","embeddable":true,"href":"https:\/\/www.katranciparkhotel.com\/ru\/wp-json\/wp\/v2\/categories?post=2744"},{"taxonomy":"post_tag","embeddable":true,"href":"https:\/\/www.katranciparkhotel.com\/ru\/wp-json\/wp\/v2\/tags?post=2744"}],"curies":[{"name":"wp","href":"https:\/\/api.w.org\/{rel}","templated":true}]}}