{"id":2747,"date":"2025-10-02T18:07:33","date_gmt":"2025-10-02T18:07:33","guid":{"rendered":"https:\/\/www.katranciparkhotel.com\/?p=2747"},"modified":"2025-10-02T18:07:33","modified_gmt":"2025-10-02T18:07:33","slug":"saklikent-kanyonu-hakkinda-detayli-rehber","status":"publish","type":"post","link":"https:\/\/www.katranciparkhotel.com\/ru\/saklikent-kanyonu-hakkinda-detayli-rehber\/","title":{"rendered":"Sakl\u0131kent Kanyonu Hakk\u0131nda Detayl\u0131 Rehber"},"content":{"rendered":"<h3 class=\"wp-block-heading\"><strong>Giri\u015f<\/strong><\/h3>\n\n\n\n<p>Fethiye\u2019nin do\u011fas\u0131nda sakl\u0131 bir cennet: <strong>Sakl\u0131kent Kanyonu<\/strong>. Ad\u0131 gibi gizemli, b\u00fcy\u00fcleyici ve serinli\u011fiyle insan\u0131 ferahlatan bu kanyon, yaz aylar\u0131nda b\u00f6lgeyi ziyaret edenlerin mutlaka u\u011framas\u0131 gereken bir do\u011fal g\u00fczellik. Sarp kayal\u0131klar\u0131, buz gibi akan sular\u0131 ve macera dolu parkurlar\u0131yla Sakl\u0131kent, do\u011faseverlerin vazge\u00e7ilmez adreslerinden biridir.<\/p>\n\n\n\n<hr class=\"wp-block-separator has-alpha-channel-opacity\"\/>\n\n\n\n<h3 class=\"wp-block-heading\"><strong>Sakl\u0131kent Kanyonu Nerede?<\/strong><\/h3>\n\n\n\n<h4 class=\"wp-block-heading\"><strong>Konum ve Ula\u015f\u0131m<\/strong><\/h4>\n\n\n\n<p>Sakl\u0131kent Kanyonu, Mu\u011fla\u2019n\u0131n Fethiye il\u00e7esine yakla\u015f\u0131k 45 km, Antalya\u2019n\u0131n Ka\u015f il\u00e7esine ise 50 km uzakl\u0131kta bulunur. Hem \u00f6zel ara\u00e7larla hem de d\u00fczenlenen tur otob\u00fcsleriyle ula\u015fmak m\u00fcmk\u00fcnd\u00fcr.<\/p>\n\n\n\n<h4 class=\"wp-block-heading\"><strong>Fethiye ve Ka\u015f\u2019a Yak\u0131nl\u0131\u011f\u0131<\/strong><\/h4>\n\n\n\n<p>B\u00f6lge, tatil beldelerine olan yak\u0131nl\u0131\u011f\u0131 sayesinde g\u00fcn\u00fcbirlik geziler i\u00e7in olduk\u00e7a uygundur.<\/p>\n\n\n\n<hr class=\"wp-block-separator has-alpha-channel-opacity\"\/>\n\n\n\n<h3 class=\"wp-block-heading\"><strong>Sakl\u0131kent Kanyonu\u2019nun Ke\u015ffi ve Tarihi<\/strong><\/h3>\n\n\n\n<h4 class=\"wp-block-heading\"><strong>Kanyonun Bulunu\u015f Hikayesi<\/strong><\/h4>\n\n\n\n<p>Kanyon, 1980\u2019li y\u0131llarda bir \u00e7oban taraf\u0131ndan ke\u015ffedilmi\u015f ve o tarihten sonra turizme kazand\u0131r\u0131lm\u0131\u015ft\u0131r.<\/p>\n\n\n\n<h4 class=\"wp-block-heading\"><strong>Do\u011fal Olu\u015fumu<\/strong><\/h4>\n\n\n\n<p>Jeolojik olarak milyonlarca y\u0131l boyunca akan sular\u0131n kayalar\u0131 a\u015f\u0131nd\u0131rmas\u0131yla ortaya \u00e7\u0131km\u0131\u015ft\u0131r.<\/p>\n\n\n\n<hr class=\"wp-block-separator has-alpha-channel-opacity\"\/>\n\n\n\n<h3 class=\"wp-block-heading\"><strong>Kanyonun Fiziksel \u00d6zellikleri<\/strong><\/h3>\n\n\n\n<h4 class=\"wp-block-heading\"><strong>Uzunlu\u011fu ve Derinli\u011fi<\/strong><\/h4>\n\n\n\n<p>Kanyon yakla\u015f\u0131k <strong>18 kilometre uzunlu\u011funda<\/strong> olup, baz\u0131 noktalar\u0131 <strong>300 metre derinli\u011fe<\/strong> ula\u015f\u0131r.<\/p>\n\n\n\n<h4 class=\"wp-block-heading\"><strong>Su Kaynaklar\u0131 ve Akarsular<\/strong><\/h4>\n\n\n\n<p>Kanyon i\u00e7inden akan buz gibi sular yaz aylar\u0131nda bile olduk\u00e7a serindir.<\/p>\n\n\n\n<hr class=\"wp-block-separator has-alpha-channel-opacity\"\/>\n\n\n\n<h3 class=\"wp-block-heading\"><strong>Sakl\u0131kent Kanyonu\u2019nun Do\u011fal G\u00fczellikleri<\/strong><\/h3>\n\n\n\n<h4 class=\"wp-block-heading\"><strong>Buz Gibi Kaynak Sular\u0131<\/strong><\/h4>\n\n\n\n<p>Ayaklar\u0131n\u0131z\u0131 i\u00e7ine soktu\u011funuzda v\u00fccudunuzu an\u0131nda serinleten bu sular, yaz\u0131n kavurucu s\u0131ca\u011f\u0131ndan ka\u00e7\u0131\u015f i\u00e7in birebirdir.<\/p>\n\n\n\n<h4 class=\"wp-block-heading\"><strong>Y\u00fcksek Kayal\u0131klar ve Do\u011fa Manzaralar\u0131<\/strong><\/h4>\n\n\n\n<p>G\u00f6ky\u00fcz\u00fcn\u00fc kapatan devasa kayal\u0131klar\u0131n aras\u0131nda y\u00fcr\u00fcrken kendinizi bamba\u015fka bir d\u00fcnyada hissedersiniz.<\/p>\n\n\n\n<hr class=\"wp-block-separator has-alpha-channel-opacity\"\/>\n\n\n\n<h3 class=\"wp-block-heading\"><strong>Sakl\u0131kent\u2019te Yap\u0131lacak Aktiviteler<\/strong><\/h3>\n\n\n\n<h4 class=\"wp-block-heading\"><strong>Kanyonda Y\u00fcr\u00fcy\u00fc\u015f<\/strong><\/h4>\n\n\n\n<p>\u00c7amurla kapl\u0131 dar ge\u00e7itlerden y\u00fcr\u00fcmek hem macera hem de e\u011flenceli bir deneyimdir.<\/p>\n\n\n\n<h4 class=\"wp-block-heading\"><strong>Rafting ve Su Sporlar\u0131<\/strong><\/h4>\n\n\n\n<p>Adrenalin sevenler i\u00e7in kanyonun ak\u0131nt\u0131l\u0131 sular\u0131nda rafting imkan\u0131 bulunur.<\/p>\n\n\n\n<h4 class=\"wp-block-heading\"><strong>Zipline ve Macera Parkurlar\u0131<\/strong><\/h4>\n\n\n\n<p>\u00c7evrede kurulu zipline hatlar\u0131 ve ip parkurlar\u0131 \u00f6zellikle gen\u00e7 ziyaret\u00e7ilerin ilgisini \u00e7eker.<\/p>\n\n\n\n<hr class=\"wp-block-separator has-alpha-channel-opacity\"\/>\n\n\n\n<h3 class=\"wp-block-heading\"><strong>Foto\u011fraf\u00e7\u0131lar \u0130\u00e7in Sakl\u0131kent<\/strong><\/h3>\n\n\n\n<p>G\u00fcne\u015f \u0131\u015f\u0131\u011f\u0131n\u0131n kayalar\u0131n aras\u0131ndan s\u00fcz\u00fclerek yaratt\u0131\u011f\u0131 g\u00f6lge ve \u0131\u015f\u0131k oyunlar\u0131, foto\u011fraf tutkunlar\u0131 i\u00e7in e\u015fsiz kareler sunar.<\/p>\n\n\n\n<hr class=\"wp-block-separator has-alpha-channel-opacity\"\/>\n\n\n\n<h3 class=\"wp-block-heading\"><strong>Sakl\u0131kent Milli Park\u0131<\/strong><\/h3>\n\n\n\n<p>Kanyon, 1996 y\u0131l\u0131nda milli park ilan edilmi\u015ftir. B\u00f6ylece hem do\u011fal g\u00fczellikleri hem de biyo\u00e7e\u015fitlili\u011fi korunmaktad\u0131r.<\/p>\n\n\n\n<hr class=\"wp-block-separator has-alpha-channel-opacity\"\/>\n\n\n\n<h3 class=\"wp-block-heading\"><strong>Sakl\u0131kent Kanyonu\u2019nda Yeme \u0130\u00e7me Deneyimi<\/strong><\/h3>\n\n\n\n<h4 class=\"wp-block-heading\"><strong>Alabal\u0131k Restoranlar\u0131<\/strong><\/h4>\n\n\n\n<p>Nehir kenar\u0131na kurulu restoranlarda taze alabal\u0131k yemek, Sakl\u0131kent gezisinin olmazsa olmaz\u0131d\u0131r.<\/p>\n\n\n\n<h4 class=\"wp-block-heading\"><strong>Serin Nehir Kenar\u0131nda Yemek Keyfi<\/strong><\/h4>\n\n\n\n<p>Masalar, suyun \u00fczerine kurulmu\u015f tahtalar \u00fczerinde yer al\u0131r. Yemek yerken ayaklar\u0131n\u0131z\u0131 buz gibi sulara sokabilirsiniz.<\/p>\n\n\n\n<hr class=\"wp-block-separator has-alpha-channel-opacity\"\/>\n\n\n\n<h3 class=\"wp-block-heading\"><strong>Kanyon Ziyareti \u0130\u00e7in En \u0130yi Zaman<\/strong><\/h3>\n\n\n\n<p>Sakl\u0131kent\u2019i ziyaret etmek i\u00e7in en uygun d\u00f6nem <strong>May\u0131s-Eyl\u00fcl aylar\u0131<\/strong> aras\u0131d\u0131r. Yaz\u0131n s\u0131ca\u011f\u0131ndan ka\u00e7mak isteyenler i\u00e7in kanyon adeta do\u011fal bir klima gibidir.<\/p>\n\n\n\n<hr class=\"wp-block-separator has-alpha-channel-opacity\"\/>\n\n\n\n<h3 class=\"wp-block-heading\"><strong>Kanyon Ziyareti \u0130\u00e7in \u0130pu\u00e7lar\u0131<\/strong><\/h3>\n\n\n\n<ul class=\"wp-block-list\">\n<li>Yan\u0131n\u0131za rahat ayakkab\u0131 veya deniz ayakkab\u0131s\u0131 al\u0131n.<\/li>\n\n\n\n<li>\u015eort ve yedek k\u0131yafet getirmek faydal\u0131d\u0131r.<\/li>\n\n\n\n<li>Telefon ve kameralar i\u00e7in su ge\u00e7irmez k\u0131l\u0131f bulundurmak gerekir.<\/li>\n<\/ul>\n\n\n\n<hr class=\"wp-block-separator has-alpha-channel-opacity\"\/>\n\n\n\n<h3 class=\"wp-block-heading\"><strong>Sakl\u0131kent Kanyonu\u2019na Yak\u0131n Gezilecek Yerler<\/strong><\/h3>\n\n\n\n<h4 class=\"wp-block-heading\"><strong>Tlos Antik Kenti<\/strong><\/h4>\n\n\n\n<p>Kanyonun yak\u0131nlar\u0131nda Likya medeniyetine ait Tlos Antik Kenti bulunur.<\/p>\n\n\n\n<h4 class=\"wp-block-heading\"><strong>Yakapark<\/strong><\/h4>\n\n\n\n<p>Do\u011fal g\u00fczellikleriyle \u00fcnl\u00fc Yakapark, serin \u015felaleleri ve restoranlar\u0131yla \u00fcnl\u00fcd\u00fcr.<\/p>\n\n\n\n<hr class=\"wp-block-separator has-alpha-channel-opacity\"\/>\n\n\n\n<h3 class=\"wp-block-heading\"><strong>Sakl\u0131kent Kanyonu\u2019nun Turizme Katk\u0131s\u0131<\/strong><\/h3>\n\n\n\n<p>B\u00f6lge, her y\u0131l binlerce yerli ve yabanc\u0131 turistin ziyaret etti\u011fi \u00f6nemli bir turizm destinasyonudur.<\/p>\n\n\n\n<hr class=\"wp-block-separator has-alpha-channel-opacity\"\/>\n\n\n\n<h3 class=\"wp-block-heading\"><strong>Sakl\u0131kent Kanyonu ve S\u00fcrd\u00fcr\u00fclebilirlik<\/strong><\/h3>\n\n\n\n<p>Do\u011fan\u0131n korunmas\u0131 i\u00e7in ziyaret\u00e7ilerin \u00e7evreye duyarl\u0131 davranmas\u0131 b\u00fcy\u00fck \u00f6nem ta\u015f\u0131r. Milli park stat\u00fcs\u00fc sayesinde kanyonun gelecek nesillere bozulmadan aktar\u0131lmas\u0131 hedeflenmektedir.<\/p>\n\n\n\n<hr class=\"wp-block-separator has-alpha-channel-opacity\"\/>\n\n\n\n<h3 class=\"wp-block-heading\"><strong>Sonu\u00e7: Do\u011fan\u0131n Sakl\u0131 Cenneti Sakl\u0131kent<\/strong><\/h3>\n\n\n\n<p>Sakl\u0131kent Kanyonu, serin sular\u0131, heybetli kayal\u0131klar\u0131 ve macera dolu aktiviteleriyle Ege ve Akdeniz tatil rotalar\u0131n\u0131n en \u00f6zel duraklar\u0131ndan biridir. Buraya gelenler yaln\u0131zca bir kanyonu gezmekle kalmaz, ayn\u0131 zamanda do\u011fayla b\u00fct\u00fcnle\u015fmi\u015f e\u015fsiz bir deneyim ya\u015far.<\/p>\n\n\n\n<hr class=\"wp-block-separator has-alpha-channel-opacity\"\/>\n\n\n\n<h2 class=\"wp-block-heading\"><strong>SSS (S\u0131k\u00e7a Sorulan Sorular)<\/strong><\/h2>\n\n\n\n<p><strong>1. Sakl\u0131kent Kanyonu\u2019nun giri\u015f \u00fccreti var m\u0131?<\/strong><br>Evet, k\u00fc\u00e7\u00fck bir giri\u015f \u00fccreti al\u0131nmaktad\u0131r.<\/p>\n\n\n\n<p><strong>2. Kanyonun tamam\u0131n\u0131 y\u00fcr\u00fcmek m\u00fcmk\u00fcn m\u00fc?<\/strong><br>Baz\u0131 b\u00f6l\u00fcmler olduk\u00e7a zorlay\u0131c\u0131d\u0131r, genellikle birka\u00e7 kilometrelik k\u0131sm\u0131 ziyaret\u00e7iler taraf\u0131ndan ke\u015ffedilir.<\/p>\n\n\n\n<p><strong>3. \u00c7ocuklarla kanyona girilebilir mi?<\/strong><br>Evet, ancak dikkatli olunmal\u0131 ve g\u00fcvenlik \u00f6nlemleri al\u0131nmal\u0131d\u0131r.<\/p>\n\n\n\n<p><strong>4. Kanyon i\u00e7inde y\u00fczmek m\u00fcmk\u00fcn m\u00fc?<\/strong><br>Su olduk\u00e7a so\u011fuk olsa da isteyenler k\u0131sa s\u00fcreli y\u00fczme deneyimi ya\u015fayabilir.<\/p>\n\n\n\n<p><strong>5. Sakl\u0131kent Kanyonu\u2019na toplu ta\u015f\u0131ma ile ula\u015f\u0131l\u0131r m\u0131?<\/strong><br>Fethiye\u2019den hareket eden dolmu\u015flarla ula\u015f\u0131m m\u00fcmk\u00fcnd\u00fcr.<\/p>","protected":false},"excerpt":{"rendered":"<p>Giri\u015f Fethiye\u2019nin do\u011fas\u0131nda sakl\u0131 bir cennet: Sakl\u0131kent Kanyonu. Ad\u0131 gibi gizemli, b\u00fcy\u00fcleyici ve serinli\u011fiyle insan\u0131 ferahlatan bu kanyon, yaz aylar\u0131nda b\u00f6lgeyi ziyaret edenlerin mutlaka u\u011framas\u0131 gereken bir do\u011fal g\u00fczellik. Sarp kayal\u0131klar\u0131, buz gibi akan sular\u0131 ve macera dolu parkurlar\u0131yla Sakl\u0131kent, do\u011faseverlerin vazge\u00e7ilmez adreslerinden biridir. Sakl\u0131kent Kanyonu Nerede? Konum ve Ula\u015f\u0131m Sakl\u0131kent Kanyonu, Mu\u011fla\u2019n\u0131n Fethiye il\u00e7esine [&hellip;]<\/p>","protected":false},"author":1,"featured_media":2748,"comment_status":"open","ping_status":"open","sticky":false,"template":"","format":"standard","meta":{"site-sidebar-layout":"default","site-content-layout":"","ast-site-content-layout":"default","site-content-style":"default","site-sidebar-style":"default","ast-global-header-display":"","ast-banner-title-visibility":"","ast-main-header-display":"","ast-hfb-above-header-display":"","ast-hfb-below-header-display":"","ast-hfb-mobile-header-display":"","site-post-title":"","ast-breadcrumbs-content":"","ast-featured-img":"","footer-sml-layout":"","theme-transparent-header-meta":"","adv-header-id-meta":"","stick-header-meta":"","header-above-stick-meta":"","header-main-stick-meta":"","header-below-stick-meta":"","astra-migrate-meta-layouts":"set","ast-page-background-enabled":"default","ast-page-background-meta":{"desktop":{"background-color":"","background-image":"","background-repeat":"repeat","background-position":"center center","background-size":"auto","background-attachment":"scroll","background-type":"","background-media":"","overlay-type":"","overlay-color":"","overlay-opacity":"","overlay-gradient":""},"tablet":{"background-color":"","background-image":"","background-repeat":"repeat","background-position":"center center","background-size":"auto","background-attachment":"scroll","background-type":"","background-media":"","overlay-type":"","overlay-color":"","overlay-opacity":"","overlay-gradient":""},"mobile":{"background-color":"","background-image":"","background-repeat":"repeat","background-position":"center center","background-size":"auto","background-attachment":"scroll","background-type":"","background-media":"","overlay-type":"","overlay-color":"","overlay-opacity":"","overlay-gradient":""}},"ast-content-background-meta":{"desktop":{"background-color":"var(--ast-global-color-5)","background-image":"","background-repeat":"repeat","background-position":"center center","background-size":"auto","background-attachment":"scroll","background-type":"","background-media":"","overlay-type":"","overlay-color":"","overlay-opacity":"","overlay-gradient":""},"tablet":{"background-color":"var(--ast-global-color-5)","background-image":"","background-repeat":"repeat","background-position":"center center","background-size":"auto","background-attachment":"scroll","background-type":"","background-media":"","overlay-type":"","overlay-color":"","overlay-opacity":"","overlay-gradient":""},"mobile":{"background-color":"var(--ast-global-color-5)","background-image":"","background-repeat":"repeat","background-position":"center center","background-size":"auto","background-attachment":"scroll","background-type":"","background-media":"","overlay-type":"","overlay-color":"","overlay-opacity":"","overlay-gradient":""}},"footnotes":""},"categories":[1],"tags":[],"class_list":["post-2747","post","type-post","status-publish","format-standard","has-post-thumbnail","hentry","category-gezilecek-yerler"],"_links":{"self":[{"href":"https:\/\/www.katranciparkhotel.com\/ru\/wp-json\/wp\/v2\/posts\/2747","targetHints":{"allow":["GET"]}}],"collection":[{"href":"https:\/\/www.katranciparkhotel.com\/ru\/wp-json\/wp\/v2\/posts"}],"about":[{"href":"https:\/\/www.katranciparkhotel.com\/ru\/wp-json\/wp\/v2\/types\/post"}],"author":[{"embeddable":true,"href":"https:\/\/www.katranciparkhotel.com\/ru\/wp-json\/wp\/v2\/users\/1"}],"replies":[{"embeddable":true,"href":"https:\/\/www.katranciparkhotel.com\/ru\/wp-json\/wp\/v2\/comments?post=2747"}],"version-history":[{"count":1,"href":"https:\/\/www.katranciparkhotel.com\/ru\/wp-json\/wp\/v2\/posts\/2747\/revisions"}],"predecessor-version":[{"id":2749,"href":"https:\/\/www.katranciparkhotel.com\/ru\/wp-json\/wp\/v2\/posts\/2747\/revisions\/2749"}],"wp:featuredmedia":[{"embeddable":true,"href":"https:\/\/www.katranciparkhotel.com\/ru\/wp-json\/wp\/v2\/media\/2748"}],"wp:attachment":[{"href":"https:\/\/www.katranciparkhotel.com\/ru\/wp-json\/wp\/v2\/media?parent=2747"}],"wp:term":[{"taxonomy":"category","embeddable":true,"href":"https:\/\/www.katranciparkhotel.com\/ru\/wp-json\/wp\/v2\/categories?post=2747"},{"taxonomy":"post_tag","embeddable":true,"href":"https:\/\/www.katranciparkhotel.com\/ru\/wp-json\/wp\/v2\/tags?post=2747"}],"curies":[{"name":"wp","href":"https:\/\/api.w.org\/{rel}","templated":true}]}}