{"id":2750,"date":"2025-10-02T18:10:44","date_gmt":"2025-10-02T18:10:44","guid":{"rendered":"https:\/\/www.katranciparkhotel.com\/?p=2750"},"modified":"2025-10-02T18:10:44","modified_gmt":"2025-10-02T18:10:44","slug":"calis-plaji-hakkinda-detayli-rehber","status":"publish","type":"post","link":"https:\/\/www.katranciparkhotel.com\/ru\/calis-plaji-hakkinda-detayli-rehber\/","title":{"rendered":"\u00c7al\u0131\u015f Plaj\u0131 Hakk\u0131nda Detayl\u0131 Rehber"},"content":{"rendered":"<h3 class=\"wp-block-heading\">Fethiye\u2019nin en pop\u00fcler plajlar\u0131ndan biri olan <strong>\u00c7al\u0131\u015f Plaj\u0131<\/strong>, sadece deniziyle de\u011fil, e\u015fsiz g\u00fcn bat\u0131m\u0131 manzaralar\u0131yla da \u00fcnl\u00fcd\u00fcr. Hem yerli hem de yabanc\u0131 turistlerin u\u011frak noktas\u0131 olan bu plaj, huzur ve e\u011flenceyi ayn\u0131 anda sunar.<\/h3>\n\n\n\n<hr class=\"wp-block-separator has-alpha-channel-opacity\"\/>\n\n\n\n<h3 class=\"wp-block-heading\"><strong>\u00c7al\u0131\u015f Plaj\u0131 Nerede?<\/strong><\/h3>\n\n\n\n<h4 class=\"wp-block-heading\"><strong>Konum ve Ula\u015f\u0131m<\/strong><\/h4>\n\n\n\n<p>\u00c7al\u0131\u015f Plaj\u0131, Fethiye merkeze yaln\u0131zca <strong>5 km uzakl\u0131kta<\/strong> yer al\u0131r. Dolmu\u015flarla, bisikletle veya y\u00fcr\u00fcyerek kolayca ula\u015fmak m\u00fcmk\u00fcnd\u00fcr.<\/p>\n\n\n\n<h4 class=\"wp-block-heading\"><strong>Fethiye Merkeze Yak\u0131nl\u0131\u011f\u0131<\/strong><\/h4>\n\n\n\n<p>Merkeze yak\u0131n olmas\u0131, plaj\u0131 hem g\u00fcn\u00fcbirlik ziyaret\u00e7iler hem de uzun s\u00fcre konaklayan turistler i\u00e7in cazip k\u0131lar.<\/p>\n\n\n\n<hr class=\"wp-block-separator has-alpha-channel-opacity\"\/>\n\n\n\n<h3 class=\"wp-block-heading\"><strong>\u00c7al\u0131\u015f Plaj\u0131\u2019n\u0131n Genel \u00d6zellikleri<\/strong><\/h3>\n\n\n\n<h4 class=\"wp-block-heading\"><strong>Uzunlu\u011fu ve Geni\u015fli\u011fi<\/strong><\/h4>\n\n\n\n<p>Plaj yakla\u015f\u0131k <strong>4 km uzunlu\u011fa<\/strong> sahiptir ve geni\u015f yap\u0131s\u0131yla kalabal\u0131k olsa bile rahat\u00e7a vakit ge\u00e7irmenizi sa\u011flar.<\/p>\n\n\n\n<h4 class=\"wp-block-heading\"><strong>K\u0131y\u0131 Yap\u0131s\u0131 ve Denizi<\/strong><\/h4>\n\n\n\n<p>K\u0131y\u0131s\u0131 \u00e7ak\u0131ll\u0131 ve kum kar\u0131\u015f\u0131m\u0131d\u0131r. Denizi zaman zaman dalgal\u0131 olabilir ancak olduk\u00e7a temiz ve serindir.<\/p>\n\n\n\n<hr class=\"wp-block-separator has-alpha-channel-opacity\"\/>\n\n\n\n<h3 class=\"wp-block-heading\"><strong>\u00c7al\u0131\u015f Plaj\u0131\u2019n\u0131n Do\u011fal G\u00fczellikleri<\/strong><\/h3>\n\n\n\n<h4 class=\"wp-block-heading\"><strong>G\u00fcn Bat\u0131m\u0131 Manzaralar\u0131<\/strong><\/h4>\n\n\n\n<p>\u00c7al\u0131\u015f Plaj\u0131, T\u00fcrkiye\u2019de g\u00fcn bat\u0131m\u0131n\u0131n en g\u00fczel izlendi\u011fi yerlerden biridir. G\u00f6ky\u00fcz\u00fc turuncu, pembe ve mor tonlar\u0131yla b\u00fcy\u00fcleyici bir tabloya d\u00f6n\u00fc\u015f\u00fcr.<\/p>\n\n\n\n<h4 class=\"wp-block-heading\"><strong>Caretta Caretta Kaplumba\u011falar\u0131<\/strong><\/h4>\n\n\n\n<p>Nesli t\u00fckenme tehlikesi alt\u0131ndaki caretta caretta kaplumba\u011falar\u0131 yaz aylar\u0131nda plajda yumurtlar. Bu y\u00f6n\u00fcyle plaj do\u011fal ya\u015fam i\u00e7in de b\u00fcy\u00fck \u00f6nem ta\u015f\u0131r.<\/p>\n\n\n\n<hr class=\"wp-block-separator has-alpha-channel-opacity\"\/>\n\n\n\n<h3 class=\"wp-block-heading\"><strong>\u00c7al\u0131\u015f Plaj\u0131\u2019nda Yap\u0131lacak Aktiviteler<\/strong><\/h3>\n\n\n\n<h4 class=\"wp-block-heading\"><strong>Deniz ve Su Sporlar\u0131<\/strong><\/h4>\n\n\n\n<p>S\u00f6rf, yelken, kiteboard ve kano gibi bir\u00e7ok su sporu yap\u0131labilir.<\/p>\n\n\n\n<h4 class=\"wp-block-heading\"><strong>Tekne Turlar\u0131<\/strong><\/h4>\n\n\n\n<p>\u00c7al\u0131\u015f\u2019tan kalkan teknelerle \u00e7evredeki koylar\u0131 ke\u015ffetmek m\u00fcmk\u00fcnd\u00fcr.<\/p>\n\n\n\n<h4 class=\"wp-block-heading\"><strong>Bisiklet ve Y\u00fcr\u00fcy\u00fc\u015f Rotalar\u0131<\/strong><\/h4>\n\n\n\n<p>Plaj boyunca uzanan sahil yolu bisiklet s\u00fcrmek ve y\u00fcr\u00fcy\u00fc\u015f yapmak i\u00e7in harikad\u0131r.<\/p>\n\n\n\n<hr class=\"wp-block-separator has-alpha-channel-opacity\"\/>\n\n\n\n<h3 class=\"wp-block-heading\"><strong>\u00c7al\u0131\u015f Plaj\u0131 \u00c7evresinde Gezilecek Yerler<\/strong><\/h3>\n\n\n\n<h4 class=\"wp-block-heading\"><strong>Fethiye Ku\u015f Cenneti<\/strong><\/h4>\n\n\n\n<p>Plaj\u0131n arkas\u0131nda yer alan sulak alan, bir\u00e7ok ku\u015f t\u00fcr\u00fcne ev sahipli\u011fi yapar.<\/p>\n\n\n\n<h4 class=\"wp-block-heading\"><strong>Kordon Boyu ve Kafe-Restoranlar<\/strong><\/h4>\n\n\n\n<p>Kordon boyunca uzanan kafeler, restoranlar ve barlar keyifli vakit ge\u00e7irmenizi sa\u011flar.<\/p>\n\n\n\n<hr class=\"wp-block-separator has-alpha-channel-opacity\"\/>\n\n\n\n<h3 class=\"wp-block-heading\"><strong>\u00c7al\u0131\u015f Plaj\u0131\u2019nda Yeme \u0130\u00e7me Deneyimi<\/strong><\/h3>\n\n\n\n<p>\u00c7al\u0131\u015f sahilinde hem T\u00fcrk mutfa\u011f\u0131 hem de d\u00fcnya mutfaklar\u0131ndan lezzetler sunan \u00e7ok say\u0131da restoran vard\u0131r. \u00d6zellikle deniz mahsulleri olduk\u00e7a pop\u00fclerdir.<\/p>\n\n\n\n<hr class=\"wp-block-separator has-alpha-channel-opacity\"\/>\n\n\n\n<h3 class=\"wp-block-heading\"><strong>\u00c7al\u0131\u015f Plaj\u0131\u2019nda Konaklama Olanaklar\u0131<\/strong><\/h3>\n\n\n\n<ul class=\"wp-block-list\">\n<li><strong>Oteller:<\/strong> Sahil boyunca bir\u00e7ok b\u00fcy\u00fck otel yer al\u0131r.<\/li>\n\n\n\n<li><strong>Butik Pansiyonlar:<\/strong> Daha uygun fiyatl\u0131 ve samimi se\u00e7eneklerdir.<\/li>\n\n\n\n<li><strong>Tatil Evleri:<\/strong> Uzun s\u00fcreli konaklamalar i\u00e7in idealdir.<\/li>\n<\/ul>\n\n\n\n<hr class=\"wp-block-separator has-alpha-channel-opacity\"\/>\n\n\n\n<h3 class=\"wp-block-heading\"><strong>\u00c7al\u0131\u015f Plaj\u0131\u2019nda Al\u0131\u015fveri\u015f ve Gece Hayat\u0131<\/strong><\/h3>\n\n\n\n<p>Sahil \u015feridinde hediyelik e\u015fya d\u00fckkanlar\u0131, barlar ve canl\u0131 m\u00fczik mekanlar\u0131 bulunur. \u00d6zellikle yaz ak\u015famlar\u0131 olduk\u00e7a hareketlidir.<\/p>\n\n\n\n<hr class=\"wp-block-separator has-alpha-channel-opacity\"\/>\n\n\n\n<h3 class=\"wp-block-heading\"><strong>\u00c7al\u0131\u015f Plaj\u0131\u2019nda En \u0130yi Ziyaret Zaman\u0131<\/strong><\/h3>\n\n\n\n<p>En yo\u011fun d\u00f6nem <strong>Haziran-Eyl\u00fcl aylar\u0131<\/strong> aras\u0131ndad\u0131r. Ancak bahar aylar\u0131nda da sakinli\u011fi sevenler i\u00e7in harika bir atmosfer sunar.<\/p>\n\n\n\n<hr class=\"wp-block-separator has-alpha-channel-opacity\"\/>\n\n\n\n<h3 class=\"wp-block-heading\"><strong>\u00c7al\u0131\u015f Plaj\u0131\u2019nda Aileler \u0130\u00e7in \u0130deal Noktalar<\/strong><\/h3>\n\n\n\n<p>\u00c7ocuklu aileler i\u00e7in uygun kafe ve restoranlar vard\u0131r. Plaj geni\u015fli\u011fi sayesinde \u00e7ocuklar\u0131n rahat\u00e7a vakit ge\u00e7irmesi m\u00fcmk\u00fcnd\u00fcr.<\/p>\n\n\n\n<hr class=\"wp-block-separator has-alpha-channel-opacity\"\/>\n\n\n\n<h3 class=\"wp-block-heading\"><strong>Foto\u011fraf Tutkunlar\u0131 \u0130\u00e7in \u00c7al\u0131\u015f Plaj\u0131<\/strong><\/h3>\n\n\n\n<p>\u00d6zellikle g\u00fcn bat\u0131m\u0131 saatlerinde foto\u011fraf \u00e7ekmek i\u00e7in en ideal noktalardan biridir. Ayr\u0131ca caretta caretta kaplumba\u011falar\u0131 da foto\u011fraf\u00e7\u0131lar i\u00e7in ilgi \u00e7ekici kareler sunar.<\/p>\n\n\n\n<hr class=\"wp-block-separator has-alpha-channel-opacity\"\/>\n\n\n\n<h3 class=\"wp-block-heading\"><strong>\u00c7al\u0131\u015f Plaj\u0131\u2019n\u0131n Turizme Katk\u0131s\u0131<\/strong><\/h3>\n\n\n\n<p>Her y\u0131l binlerce turistin ziyaret etti\u011fi plaj, Fethiye\u2019nin en \u00f6nemli turistik gelir kaynaklar\u0131ndan biridir.<\/p>\n\n\n\n<hr class=\"wp-block-separator has-alpha-channel-opacity\"\/>\n\n\n\n<h3 class=\"wp-block-heading\"><strong>\u00c7al\u0131\u015f Plaj\u0131 ve Do\u011fa Koruma \u00c7al\u0131\u015fmalar\u0131<\/strong><\/h3>\n\n\n\n<p>Plajda kaplumba\u011fa yuvalar\u0131n\u0131n korunmas\u0131 i\u00e7in \u00e7e\u015fitli projeler y\u00fcr\u00fct\u00fclmektedir. Do\u011fa dostu uygulamalar sayesinde plaj\u0131n ekosistemi korunmaktad\u0131r.<\/p>\n\n\n\n<hr class=\"wp-block-separator has-alpha-channel-opacity\"\/>\n\n\n\n<h3 class=\"wp-block-heading\"><strong>Sonu\u00e7: \u00c7al\u0131\u015f Plaj\u0131\u2019n\u0131n Ruhunu Hissetmek<\/strong><\/h3>\n\n\n\n<p>\u00c7al\u0131\u015f Plaj\u0131, sadece denize girmek i\u00e7in de\u011fil, g\u00fcn bat\u0131m\u0131n\u0131n e\u015fsiz manzaralar\u0131n\u0131 izlemek, do\u011fayla i\u00e7 i\u00e7e olmak ve huzurlu bir tatil ge\u00e7irmek i\u00e7in de m\u00fckemmel bir yerdir. Fethiye\u2019ye gelen herkesin mutlaka u\u011framas\u0131 gereken bu plaj, bir kez g\u00f6reni kendine hayran b\u0131rak\u0131r.<\/p>\n\n\n\n<hr class=\"wp-block-separator has-alpha-channel-opacity\"\/>\n\n\n\n<h2 class=\"wp-block-heading\"><strong>SSS (S\u0131k\u00e7a Sorulan Sorular)<\/strong><\/h2>\n\n\n\n<p><strong>1. \u00c7al\u0131\u015f Plaj\u0131 giri\u015f \u00fccreti var m\u0131?<\/strong><br>Hay\u0131r, plaj halka a\u00e7\u0131kt\u0131r.<\/p>\n\n\n\n<p><strong>2. \u00c7al\u0131\u015f Plaj\u0131 \u00e7ocuklar i\u00e7in uygun mu?<\/strong><br>Evet, geni\u015f ve g\u00fcvenli yap\u0131s\u0131yla aileler i\u00e7in uygundur.<\/p>\n\n\n\n<p><strong>3. \u00c7al\u0131\u015f Plaj\u0131\u2019nda kamp yap\u0131labiliyor mu?<\/strong><br>Hay\u0131r, plajda kamp alan\u0131 bulunmamaktad\u0131r.<\/p>\n\n\n\n<p><strong>4. Caretta carettalar\u0131 g\u00f6rmek m\u00fcmk\u00fcn m\u00fc?<\/strong><br>Evet, \u00f6zellikle yaz aylar\u0131nda yumurtlama d\u00f6nemlerinde g\u00f6r\u00fclebilir.<\/p>\n\n\n\n<p><strong>5. \u00c7al\u0131\u015f Plaj\u0131\u2019ndan Fethiye merkeze ula\u015f\u0131m kolay m\u0131?<\/strong><br>Evet, dolmu\u015f ve taksilerle merkeze 10-15 dakikada ula\u015fmak m\u00fcmk\u00fcnd\u00fcr.<\/p>","protected":false},"excerpt":{"rendered":"<p>Fethiye\u2019nin en pop\u00fcler plajlar\u0131ndan biri olan \u00c7al\u0131\u015f Plaj\u0131, sadece deniziyle de\u011fil, e\u015fsiz g\u00fcn bat\u0131m\u0131 manzaralar\u0131yla da \u00fcnl\u00fcd\u00fcr. Hem yerli hem de yabanc\u0131 turistlerin u\u011frak noktas\u0131 olan bu plaj, huzur ve e\u011flenceyi ayn\u0131 anda sunar. \u00c7al\u0131\u015f Plaj\u0131 Nerede? Konum ve Ula\u015f\u0131m \u00c7al\u0131\u015f Plaj\u0131, Fethiye merkeze yaln\u0131zca 5 km uzakl\u0131kta yer al\u0131r. Dolmu\u015flarla, bisikletle veya y\u00fcr\u00fcyerek kolayca [&hellip;]<\/p>","protected":false},"author":1,"featured_media":2751,"comment_status":"open","ping_status":"open","sticky":false,"template":"","format":"standard","meta":{"site-sidebar-layout":"default","site-content-layout":"","ast-site-content-layout":"default","site-content-style":"default","site-sidebar-style":"default","ast-global-header-display":"","ast-banner-title-visibility":"","ast-main-header-display":"","ast-hfb-above-header-display":"","ast-hfb-below-header-display":"","ast-hfb-mobile-header-display":"","site-post-title":"","ast-breadcrumbs-content":"","ast-featured-img":"","footer-sml-layout":"","theme-transparent-header-meta":"","adv-header-id-meta":"","stick-header-meta":"","header-above-stick-meta":"","header-main-stick-meta":"","header-below-stick-meta":"","astra-migrate-meta-layouts":"set","ast-page-background-enabled":"default","ast-page-background-meta":{"desktop":{"background-color":"","background-image":"","background-repeat":"repeat","background-position":"center center","background-size":"auto","background-attachment":"scroll","background-type":"","background-media":"","overlay-type":"","overlay-color":"","overlay-opacity":"","overlay-gradient":""},"tablet":{"background-color":"","background-image":"","background-repeat":"repeat","background-position":"center center","background-size":"auto","background-attachment":"scroll","background-type":"","background-media":"","overlay-type":"","overlay-color":"","overlay-opacity":"","overlay-gradient":""},"mobile":{"background-color":"","background-image":"","background-repeat":"repeat","background-position":"center center","background-size":"auto","background-attachment":"scroll","background-type":"","background-media":"","overlay-type":"","overlay-color":"","overlay-opacity":"","overlay-gradient":""}},"ast-content-background-meta":{"desktop":{"background-color":"var(--ast-global-color-5)","background-image":"","background-repeat":"repeat","background-position":"center center","background-size":"auto","background-attachment":"scroll","background-type":"","background-media":"","overlay-type":"","overlay-color":"","overlay-opacity":"","overlay-gradient":""},"tablet":{"background-color":"var(--ast-global-color-5)","background-image":"","background-repeat":"repeat","background-position":"center center","background-size":"auto","background-attachment":"scroll","background-type":"","background-media":"","overlay-type":"","overlay-color":"","overlay-opacity":"","overlay-gradient":""},"mobile":{"background-color":"var(--ast-global-color-5)","background-image":"","background-repeat":"repeat","background-position":"center center","background-size":"auto","background-attachment":"scroll","background-type":"","background-media":"","overlay-type":"","overlay-color":"","overlay-opacity":"","overlay-gradient":""}},"footnotes":""},"categories":[1],"tags":[],"class_list":["post-2750","post","type-post","status-publish","format-standard","has-post-thumbnail","hentry","category-gezilecek-yerler"],"_links":{"self":[{"href":"https:\/\/www.katranciparkhotel.com\/ru\/wp-json\/wp\/v2\/posts\/2750","targetHints":{"allow":["GET"]}}],"collection":[{"href":"https:\/\/www.katranciparkhotel.com\/ru\/wp-json\/wp\/v2\/posts"}],"about":[{"href":"https:\/\/www.katranciparkhotel.com\/ru\/wp-json\/wp\/v2\/types\/post"}],"author":[{"embeddable":true,"href":"https:\/\/www.katranciparkhotel.com\/ru\/wp-json\/wp\/v2\/users\/1"}],"replies":[{"embeddable":true,"href":"https:\/\/www.katranciparkhotel.com\/ru\/wp-json\/wp\/v2\/comments?post=2750"}],"version-history":[{"count":1,"href":"https:\/\/www.katranciparkhotel.com\/ru\/wp-json\/wp\/v2\/posts\/2750\/revisions"}],"predecessor-version":[{"id":2752,"href":"https:\/\/www.katranciparkhotel.com\/ru\/wp-json\/wp\/v2\/posts\/2750\/revisions\/2752"}],"wp:featuredmedia":[{"embeddable":true,"href":"https:\/\/www.katranciparkhotel.com\/ru\/wp-json\/wp\/v2\/media\/2751"}],"wp:attachment":[{"href":"https:\/\/www.katranciparkhotel.com\/ru\/wp-json\/wp\/v2\/media?parent=2750"}],"wp:term":[{"taxonomy":"category","embeddable":true,"href":"https:\/\/www.katranciparkhotel.com\/ru\/wp-json\/wp\/v2\/categories?post=2750"},{"taxonomy":"post_tag","embeddable":true,"href":"https:\/\/www.katranciparkhotel.com\/ru\/wp-json\/wp\/v2\/tags?post=2750"}],"curies":[{"name":"wp","href":"https:\/\/api.w.org\/{rel}","templated":true}]}}