{"id":2753,"date":"2025-10-02T18:18:22","date_gmt":"2025-10-02T18:18:22","guid":{"rendered":"https:\/\/www.katranciparkhotel.com\/?p=2753"},"modified":"2025-10-02T18:18:31","modified_gmt":"2025-10-02T18:18:31","slug":"dalyan-hakkinda-detayli-rehber","status":"publish","type":"post","link":"https:\/\/www.katranciparkhotel.com\/ru\/dalyan-hakkinda-detayli-rehber\/","title":{"rendered":"Dalyan Hakk\u0131nda detayl\u0131 rehber"},"content":{"rendered":"<p>Mu\u011fla\u2019n\u0131n Ortaca il\u00e7esine ba\u011fl\u0131 k\u00fc\u00e7\u00fck ama bir o kadar da b\u00fcy\u00fcleyici bir belde olan <strong>Dalyan<\/strong>, hem tarihi hem de do\u011fal g\u00fczellikleriyle \u00fcnl\u00fcd\u00fcr. Ad\u0131n\u0131, k\u0131y\u0131 boyunca uzanan ve bal\u0131k\u00e7\u0131l\u0131ktan tekne turlar\u0131na kadar bir\u00e7ok faaliyette kullan\u0131lan <em>\u201cdalyan\u201d<\/em> ad\u0131 verilen bal\u0131k tuzaklar\u0131ndan al\u0131r. \u00d6zellikle <strong>Kral Mezarlar\u0131, \u0130ztuzu Plaj\u0131, Caretta Caretta kaplumba\u011falar\u0131 ve \u00e7amur banyolar\u0131<\/strong> ile turistlerin g\u00f6zdesi haline gelmi\u015ftir.<\/p>\n\n\n\n<h3 class=\"wp-block-heading\"><strong>Dalyan\u2019\u0131n Do\u011fal G\u00fczellikleri<\/strong><\/h3>\n\n\n\n<p>Dalyan, sakin do\u011fas\u0131yla ziyaret\u00e7ilerine huzurlu bir tatil f\u0131rsat\u0131 sunar. <strong>Dalyan \u00c7ay\u0131<\/strong>, b\u00f6lgenin kalbinden ge\u00e7erek \u0130ztuzu Plaj\u0131\u2019na ula\u015f\u0131r. Nehirde yap\u0131lan tekne turlar\u0131 s\u0131ras\u0131nda sazl\u0131klar\u0131n aras\u0131nda kaybolur gibi olur ve e\u015fsiz bir do\u011fa deneyimi ya\u015fars\u0131n\u0131z. Ayr\u0131ca b\u00f6lgede \u00e7ok say\u0131da ku\u015f t\u00fcr\u00fc de g\u00f6zlemlenebilir.<\/p>\n\n\n\n<h3 class=\"wp-block-heading\"><strong>\u0130ztuzu Plaj\u0131<\/strong><\/h3>\n\n\n\n<p>Dalyan\u2019\u0131n en bilinen do\u011fal hazinesi olan <strong>\u0130ztuzu Plaj\u0131<\/strong>, alt\u0131n sar\u0131s\u0131 kumu ve berrak deniziyle \u00fcnl\u00fcd\u00fcr. Yakla\u015f\u0131k 4,5 km uzunlu\u011fundaki bu plaj, <em>Caretta Caretta<\/em> deniz kaplumba\u011falar\u0131n\u0131n yumurtlama alan\u0131 olarak d\u00fcnya \u00e7ap\u0131nda korunmaktad\u0131r. Hem denize girmek hem de do\u011fayla i\u00e7 i\u00e7e huzur bulmak i\u00e7in ideal bir noktad\u0131r.<\/p>\n\n\n\n<h3 class=\"wp-block-heading\"><strong>Tarihi Likya Kaya Mezarlar\u0131<\/strong><\/h3>\n\n\n\n<p>Dalyan\u2019a tepeden bakan, sarp kayalara oyulmu\u015f <strong>Likya Kaya Mezarlar\u0131<\/strong>, M.\u00d6. 4. y\u00fczy\u0131la uzanan tarihiyle b\u00fcy\u00fcleyicidir. G\u00fcn bat\u0131m\u0131nda tekneyle ge\u00e7erken bu mezarlar\u0131n mistik atmosferi ziyaret\u00e7ileri derinden etkiler.<\/p>\n\n\n\n<h3 class=\"wp-block-heading\"><strong>\u00c7amur Banyosu ve Kapl\u0131calar<\/strong><\/h3>\n\n\n\n<p>Dalyan\u2019daki <strong>\u00e7amur banyolar\u0131<\/strong> hem e\u011flenceli hem de sa\u011fl\u0131kl\u0131d\u0131r. Mineralli \u00e7amur cilde iyi gelir, kapl\u0131calar ise rahatlat\u0131c\u0131 etkisiyle bilinir. Bu nedenle turistler Dalyan ziyaretlerinde mutlaka \u00e7amur banyosu deneyimini ya\u015far.<\/p>\n\n\n\n<h3 class=\"wp-block-heading\"><strong>Dalyan\u2019da Yap\u0131lacak Aktiviteler<\/strong><\/h3>\n\n\n\n<ul class=\"wp-block-list\">\n<li>Tekne turlar\u0131 ile sazl\u0131klar aras\u0131nda gezinti<\/li>\n\n\n\n<li>Caretta Caretta kaplumba\u011falar\u0131n\u0131 g\u00f6zlemleme<\/li>\n\n\n\n<li>Tarihi Kral Mezarlar\u0131\u2019n\u0131 ziyaret<\/li>\n\n\n\n<li>\u00c7amur banyosu ve kapl\u0131ca keyfi<\/li>\n\n\n\n<li>\u0130ztuzu Plaj\u0131\u2019nda deniz ve g\u00fcne\u015fin tad\u0131n\u0131 \u00e7\u0131karma<\/li>\n<\/ul>\n\n\n\n<p>Dalyan, do\u011fa ve tarihin kucakla\u015ft\u0131\u011f\u0131, huzur dolu atmosferiyle Ege\u2019nin sakl\u0131 cennetlerinden biridir. \u0130ster sakin bir tatil, ister ke\u015fif dolu bir gezi ar\u0131yor olun; Dalyan size unutulmaz an\u0131lar sunar.<\/p>","protected":false},"excerpt":{"rendered":"<p>Mu\u011fla\u2019n\u0131n Ortaca il\u00e7esine ba\u011fl\u0131 k\u00fc\u00e7\u00fck ama bir o kadar da b\u00fcy\u00fcleyici bir belde olan Dalyan, hem tarihi hem de do\u011fal g\u00fczellikleriyle \u00fcnl\u00fcd\u00fcr. Ad\u0131n\u0131, k\u0131y\u0131 boyunca uzanan ve bal\u0131k\u00e7\u0131l\u0131ktan tekne turlar\u0131na kadar bir\u00e7ok faaliyette kullan\u0131lan \u201cdalyan\u201d ad\u0131 verilen bal\u0131k tuzaklar\u0131ndan al\u0131r. \u00d6zellikle Kral Mezarlar\u0131, \u0130ztuzu Plaj\u0131, Caretta Caretta kaplumba\u011falar\u0131 ve \u00e7amur banyolar\u0131 ile turistlerin g\u00f6zdesi haline [&hellip;]<\/p>","protected":false},"author":1,"featured_media":2754,"comment_status":"open","ping_status":"open","sticky":false,"template":"","format":"standard","meta":{"site-sidebar-layout":"default","site-content-layout":"","ast-site-content-layout":"default","site-content-style":"default","site-sidebar-style":"default","ast-global-header-display":"","ast-banner-title-visibility":"","ast-main-header-display":"","ast-hfb-above-header-display":"","ast-hfb-below-header-display":"","ast-hfb-mobile-header-display":"","site-post-title":"","ast-breadcrumbs-content":"","ast-featured-img":"","footer-sml-layout":"","theme-transparent-header-meta":"","adv-header-id-meta":"","stick-header-meta":"","header-above-stick-meta":"","header-main-stick-meta":"","header-below-stick-meta":"","astra-migrate-meta-layouts":"set","ast-page-background-enabled":"default","ast-page-background-meta":{"desktop":{"background-color":"","background-image":"","background-repeat":"repeat","background-position":"center center","background-size":"auto","background-attachment":"scroll","background-type":"","background-media":"","overlay-type":"","overlay-color":"","overlay-opacity":"","overlay-gradient":""},"tablet":{"background-color":"","background-image":"","background-repeat":"repeat","background-position":"center center","background-size":"auto","background-attachment":"scroll","background-type":"","background-media":"","overlay-type":"","overlay-color":"","overlay-opacity":"","overlay-gradient":""},"mobile":{"background-color":"","background-image":"","background-repeat":"repeat","background-position":"center center","background-size":"auto","background-attachment":"scroll","background-type":"","background-media":"","overlay-type":"","overlay-color":"","overlay-opacity":"","overlay-gradient":""}},"ast-content-background-meta":{"desktop":{"background-color":"var(--ast-global-color-5)","background-image":"","background-repeat":"repeat","background-position":"center center","background-size":"auto","background-attachment":"scroll","background-type":"","background-media":"","overlay-type":"","overlay-color":"","overlay-opacity":"","overlay-gradient":""},"tablet":{"background-color":"var(--ast-global-color-5)","background-image":"","background-repeat":"repeat","background-position":"center center","background-size":"auto","background-attachment":"scroll","background-type":"","background-media":"","overlay-type":"","overlay-color":"","overlay-opacity":"","overlay-gradient":""},"mobile":{"background-color":"var(--ast-global-color-5)","background-image":"","background-repeat":"repeat","background-position":"center center","background-size":"auto","background-attachment":"scroll","background-type":"","background-media":"","overlay-type":"","overlay-color":"","overlay-opacity":"","overlay-gradient":""}},"footnotes":""},"categories":[1],"tags":[],"class_list":["post-2753","post","type-post","status-publish","format-standard","has-post-thumbnail","hentry","category-gezilecek-yerler"],"_links":{"self":[{"href":"https:\/\/www.katranciparkhotel.com\/ru\/wp-json\/wp\/v2\/posts\/2753","targetHints":{"allow":["GET"]}}],"collection":[{"href":"https:\/\/www.katranciparkhotel.com\/ru\/wp-json\/wp\/v2\/posts"}],"about":[{"href":"https:\/\/www.katranciparkhotel.com\/ru\/wp-json\/wp\/v2\/types\/post"}],"author":[{"embeddable":true,"href":"https:\/\/www.katranciparkhotel.com\/ru\/wp-json\/wp\/v2\/users\/1"}],"replies":[{"embeddable":true,"href":"https:\/\/www.katranciparkhotel.com\/ru\/wp-json\/wp\/v2\/comments?post=2753"}],"version-history":[{"count":2,"href":"https:\/\/www.katranciparkhotel.com\/ru\/wp-json\/wp\/v2\/posts\/2753\/revisions"}],"predecessor-version":[{"id":2756,"href":"https:\/\/www.katranciparkhotel.com\/ru\/wp-json\/wp\/v2\/posts\/2753\/revisions\/2756"}],"wp:featuredmedia":[{"embeddable":true,"href":"https:\/\/www.katranciparkhotel.com\/ru\/wp-json\/wp\/v2\/media\/2754"}],"wp:attachment":[{"href":"https:\/\/www.katranciparkhotel.com\/ru\/wp-json\/wp\/v2\/media?parent=2753"}],"wp:term":[{"taxonomy":"category","embeddable":true,"href":"https:\/\/www.katranciparkhotel.com\/ru\/wp-json\/wp\/v2\/categories?post=2753"},{"taxonomy":"post_tag","embeddable":true,"href":"https:\/\/www.katranciparkhotel.com\/ru\/wp-json\/wp\/v2\/tags?post=2753"}],"curies":[{"name":"wp","href":"https:\/\/api.w.org\/{rel}","templated":true}]}}